{"id":27523,"date":"2025-04-17T08:22:39","date_gmt":"2025-04-17T08:22:39","guid":{"rendered":"https:\/\/www.themarkers.ro\/?p=27523"},"modified":"2025-04-17T08:25:38","modified_gmt":"2025-04-17T08:25:38","slug":"brandul-tau-chiar-vorbeste-cu-publicul-sau-doar-posteaza-5-semne-ca-e-timpul-sa-ti-regandesti-strategia-de-comunicare","status":"publish","type":"post","link":"https:\/\/www.themarkers.ro\/en\/brandul-tau-chiar-vorbeste-cu-publicul-sau-doar-posteaza-5-semne-ca-e-timpul-sa-ti-regandesti-strategia-de-comunicare\/","title":{"rendered":"Brandul t\u0103u chiar vorbe\u0219te cu publicul sau doar posteaz\u0103? 5 semne c\u0103 e timpul s\u0103-\u021bi reg\u00e2nde\u0219ti strategia de comunicare"},"content":{"rendered":"<p><\/p>\n\n\n\n<p>Direct, f\u0103r\u0103 ocoli\u0219uri: dac\u0103 \u00een 2025 brandul t\u0103u doar posteaz\u0103, dar nu spune nimic care s\u0103 conteze cu adev\u0103rat pentru oamenii c\u0103rora vrei s\u0103 le vinzi, e ca \u0219i cum ai vorbi cu pere\u021bii. Faci zgomot pentru nimic.<\/p>\n\n\n\n<p>Pe paginile social media mai pui c\u00e2te o poz\u0103 cu un produs, faci ceva eforturi, dar rezultatele nu prea vin? Oamenii dau scroll peste mesajul t\u0103u. Asta \u00eenseamn\u0103 c\u0103 brandul a r\u0103mas blocat undeva \u00een trecut, iar \u00een 2025 oamenii nu mai au r\u0103bdare.<\/p>\n\n\n\n<p>Iat\u0103 5 semne clare c\u0103 e momentul s\u0103-\u021bi reg\u00e2nde\u0219ti <a href=\"https:\/\/www.themarkers.ro\/en\/servicii-branding-pr\/\">comunicarea de brand<\/a>, \u00eentr-o lume unde <a href=\"https:\/\/www.themarkers.ro\/en\/promovare-social-media\/\">integration<\/a>, AI-ul \u0219i burnout-ul au schimbat regulile jocului.<\/p>\n\n\n\n<div style=\"height:22px\" aria-hidden=\"true\" class=\"wp-block-spacer\"><\/div>\n\n\n\n<h2 class=\"wp-block-heading\">1. <strong>Postezi constant, dar nu ob\u021bii reac\u021bii<\/strong><\/h2>\n\n\n\n<p>C\u00e2nd nu mai prime\u0219ti reac\u021bii, nu \u00eenseamn\u0103 c\u0103 publicul nu mai e interesat fie de ce spui, fie de cum spui. \u00cen 2025, oamenii nu mai sunt doar aten\u021bi la ce spui \u2014 sunt aten\u021bi la cum \u00eei faci s\u0103 se simt\u0103. Brandurile care nu genereaz\u0103 relevan\u021b\u0103 emo\u021bional\u0103 contextual\u0103 sunt trecute cu vederea, indiferent c\u00e2t de frecvent posteaz\u0103 \u0219i de ce subiecte abordeaz\u0103<\/p>\n\n\n\n<p>Ai nevoie de un mesaj care s\u0103 le vorbeasc\u0103 direct. Nu e despre tine, ci despre ei, despre problemele, frustr\u0103rile, dorin\u021bele sau aspira\u021biile lor. Asta \u00eenseamn\u0103 c\u0103 nu mai merge s\u0103 postezi doar produse sau oferte \u0219i nici m\u0103car doar con\u021binut informativ, rece. \u00cen 2025, con\u021binutul care atinge emo\u021bii e moneda forte.<\/p>\n\n\n\n<p>O \u00eentrebare pe care s\u0103 \u021bi-o pui: &#8222;Dac\u0103 brandul meu ar fi un om, ce ar spune unui prieten c\u0103ruia ar putea s\u0103 \u00eei rezolve o problema, s\u0103 \u00eei aline o durere, s\u0103 \u00eei \u00eendeplineasc\u0103 o dorin\u021b\u0103?&#8221;<\/p>\n\n\n\n<div style=\"height:22px\" aria-hidden=\"true\" class=\"wp-block-spacer\"><\/div>\n\n\n\n<figure class=\"wp-block-image size-full\"><img fetchpriority=\"high\" decoding=\"async\" width=\"1024\" height=\"717\" src=\"https:\/\/www.themarkers.ro\/wp-content\/uploads\/2025\/04\/comunicare-de-brand.png\" alt=\"comunicare de brand\" class=\"wp-image-27529\" srcset=\"https:\/\/www.themarkers.ro\/wp-content\/uploads\/2025\/04\/comunicare-de-brand.png 1024w, https:\/\/www.themarkers.ro\/wp-content\/uploads\/2025\/04\/comunicare-de-brand-300x210.png 300w, https:\/\/www.themarkers.ro\/wp-content\/uploads\/2025\/04\/comunicare-de-brand-768x538.png 768w, https:\/\/www.themarkers.ro\/wp-content\/uploads\/2025\/04\/comunicare-de-brand-18x12.png 18w\" sizes=\"(max-width: 1024px) 100vw, 1024px\" \/><\/figure>\n\n\n\n<div style=\"height:22px\" aria-hidden=\"true\" class=\"wp-block-spacer\"><\/div>\n\n\n\n<h2 class=\"wp-block-heading\">2. <strong>Nu \u0219tii s\u0103 spui de ce faci ceea ce faci.<\/strong><\/h2>\n\n\n\n<p>&#8222;Facem pr\u0103jituri de cas\u0103 din 2005.&#8221; Super. Dar de ce le faci? Cu ce rezonezi, ce vrei s\u0103 schimbi, ce vrei s\u0103 transmi\u021bi lumii \u0219i de ce? \u201dOferim servicii de \u00eenfrumuse\u021bare \u00een cel mai modern salon din Ploie\u0219ti\u201d Bravo. Dar de ce spui c\u0103 salonul t\u0103u e cel mai modern? De ce te-ai hot\u0103r\u00e2t s\u0103 \u00eel deschizi \u00een Ploie\u0219ti? De ce ai ales aceast\u0103 afacere? Cum se simt clientele tale \u0219i de ce te \u00eempline\u0219te asta?<\/p>\n\n\n\n<p>Simon Sinek a spus la un moment dat a\u0219a: &#8222;Oamenii nu cump\u0103r\u0103 ceea ce faci, ci de ce o faci.&#8221; (People don\u2019t buy what you do; they buy why you do it.) Iar \u00een 2025, c\u00e2nd AI-ul scrie post\u0103ri mai repede dec\u00e2t tine, diferen\u021ba o face emo\u021bia uman\u0103. Povestea. Scopul. Misiunea la care tu ai aderat \u0219i la care va adera \u0219i clientul t\u0103u, cump\u0103r\u00e2nd de la tine.<\/p>\n\n\n\n<p>Dac\u0103 nu po\u021bi r\u0103spunde la \u00eentrebarea: \u201eDe ce exist\u0103 brandul meu?\u201d, ai o problem\u0103.<\/p>\n\n\n\n<div style=\"height:22px\" aria-hidden=\"true\" class=\"wp-block-spacer\"><\/div>\n\n\n\n<h2 class=\"wp-block-heading\">3. <strong>Faci totul safe, s\u0103 nu superi pe nimeni.<\/strong><\/h2>\n\n\n\n<p>Ai fost obi\u0219nuit s\u0103 nu deranjezi, s\u0103 fii &#8222;corect&#8221;, s\u0103 nu exagerezi. Doar c\u0103 \u00een online-ul de azi, corect poate fi sinonim cu invizibil. Lumea e bombardat\u0103 cu con\u021binut, iar algoritmii promoveaz\u0103 ceea ce are cel mai mare potential de a genera reac\u021bii.<\/p>\n\n\n\n<p>Nu spun s\u0103 devii super controversat sau scandalagiu, dar dac\u0103 nu ai o voce clar\u0103, un punct de vedere, un ton memorabil, atunci, cel mai probabil, deja ai pierdut.<\/p>\n\n\n\n<p>\u00cen 2025, \u00eentr-o lume cu mii de conturi AI care posteaz\u0103 perfect, oamenii caut\u0103 imperfec\u021biune sincer\u0103, vulnerabilitate \u0219i curaj.<\/p>\n\n\n\n<div style=\"height:22px\" aria-hidden=\"true\" class=\"wp-block-spacer\"><\/div>\n\n\n\n<h2 class=\"wp-block-heading\">4. <strong>Nu e\u0219ti prezent acolo unde conteaz\u0103 pentru clien\u021bii t\u0103i.<\/strong><\/h2>\n\n\n\n<p>TikTok, Instagram, WhatsApp, recenzii Google, newslettere, TripAdvisor, Linkedin \u2013 unde stau clien\u021bii t\u0103i? Tr\u0103im \u00een era marketing-ului omnichannel, iar oamenii se informeaz\u0103 constant din multiple surse. Fii acolo pentru ei! Comunic\u0103-le ce ai s\u0103 le spui pe toate canalele, adaptat con\u021binutului pe care ei \u00eel caut\u0103 \u00een fiecare lor.<\/p>\n\n\n\n<p>\u00cen 2025, nu au voie s\u0103 mai spui: &#8222;eu nu sunt de TikTok&#8221;. Nu trebuie s\u0103 dansezi sau s\u0103 preiei toate provoc\u0103rile platformei, dar dac\u0103 ai ceva autentic de spus, e mai mult loc dec\u00e2t \u00ee\u021bi imaginezi pentru tine acolo.<\/p>\n\n\n\n<div style=\"height:22px\" aria-hidden=\"true\" class=\"wp-block-spacer\"><\/div>\n\n\n\n<figure class=\"wp-block-image size-full\"><img decoding=\"async\" width=\"1024\" height=\"717\" src=\"https:\/\/www.themarkers.ro\/wp-content\/uploads\/2025\/04\/social-media.png\" alt=\"social media\" class=\"wp-image-27530\" srcset=\"https:\/\/www.themarkers.ro\/wp-content\/uploads\/2025\/04\/social-media.png 1024w, https:\/\/www.themarkers.ro\/wp-content\/uploads\/2025\/04\/social-media-300x210.png 300w, https:\/\/www.themarkers.ro\/wp-content\/uploads\/2025\/04\/social-media-768x538.png 768w, https:\/\/www.themarkers.ro\/wp-content\/uploads\/2025\/04\/social-media-18x12.png 18w\" sizes=\"(max-width: 1024px) 100vw, 1024px\" \/><\/figure>\n\n\n\n<div style=\"height:22px\" aria-hidden=\"true\" class=\"wp-block-spacer\"><\/div>\n\n\n\n<h2 class=\"wp-block-heading\">5. <strong>Comunici bombastic, promi\u021bi luna de pe cer<\/strong><\/h2>\n\n\n\n<p>Publicul t\u0103u e epuizat. Dac\u0103 nu-l \u00eengrije\u0219ti, te va ignora. Burnout-ul e peste tot: la clien\u021bi, la angaja\u021bi, la tine \u0219i brandul t\u0103u. Oamenii sunt satura\u021bi de zgomot, de reclame stridente, de promisiuni \u00een 3 pa\u0219i simpli. \u00cen 2025, c\u00e2\u0219tig\u0103 brandurile care aduc lini\u0219te, claritate \u0219i umanitate.<\/p>\n\n\n\n<p>Tonul t\u0103u conteaz\u0103, uneori, mai mult dec\u00e2t ce vinzi.<\/p>\n\n\n\n<p>Exemple de direc\u021bii pretabile pentru 2025: &#8222;Ai avut o zi grea? Las\u0103, azi te r\u0103sf\u0103\u021bam noi.&#8221;, &#8222;Lucruri simple, f\u0103cute bine.&#8221;, &#8222;Nu promitem miracole. Dar ce facem, facem bine.&#8221;<\/p>\n\n\n\n<p>\u00cen concluzie, dac\u0103 te-ai reg\u0103sit \u00een cele de mai sus, ce ai de f\u0103cut?<\/p>\n\n\n\n<ol class=\"wp-block-list\">\n<li>Redefine\u0219te-\u021bi vocea. G\u00e2nde\u0219te-te cum ar vorbi brandul t\u0103u dac\u0103 ar fi o persoan\u0103. Calm? Glume\u021b? Elegant? Direct?<\/li>\n\n\n\n<li>Cur\u0103\u021b\u0103-\u021bi mesajele. Scoate din site \u0219i din post\u0103ri tot ce e pr\u0103fuit. Rescrie bio-urile. F\u0103 ordine \u00een pilonii de comunicare, \u00een mesajele principale.<\/li>\n\n\n\n<li>Fii prezent \u00een mod natural. Nu trebuie s\u0103 fii viral, ci memorabil.<\/li>\n\n\n\n<li>Testeaz\u0103. Vezi ce prinde, ce nu. Nu te crampona de &#8222;a\u0219a fac to\u021bi&#8221; sau \u201dasta e re\u021beta care a mers p\u00e2n\u0103 acum pentru mine\u201d.<\/li>\n\n\n\n<li>Lucreaz\u0103 cu cineva care \u00een\u021belelege contextul. Un om sau o <a href=\"https:\/\/www.themarkers.ro\/en\/servicii-branding-pr\/\">echip\u0103 de comunicare<\/a> care \u0219tie \u0219i clasic \u0219i digital. Cineva care \u021bine minte reclamele de la radio, dar face \u0219i reels-uri care se distribuie.<\/li>\n<\/ol>\n\n\n\n<p>\u00cen final, aminte\u0219te-\u021bi asta:<\/p>\n\n\n\n<p>Un brand care doar posteaz\u0103, dar nu comunic\u0103, e ca un om care vorbe\u0219te despre el non-stop la o petrecere. Fie plictise\u0219te \u0219i este ignorat \u0219i uitat, fie enerveaz\u0103 \u0219i devine resping\u0103tor.<\/p>\n\n\n\n<p>Dar un brand care \u0219tie s\u0103 asculte, s\u0103 simt\u0103, s\u0103 vorbeasc\u0103 autentic? E cel care face diferen\u021ba. Chiar \u0219i \u00een 2025. Mai ales \u00een 2025.<\/p>\n\n\n\n<div style=\"height:22px\" aria-hidden=\"true\" class=\"wp-block-spacer\"><\/div>\n\n\n\n<figure class=\"wp-block-image size-full\"><img decoding=\"async\" width=\"1024\" height=\"717\" src=\"https:\/\/www.themarkers.ro\/wp-content\/uploads\/2025\/04\/strategie-de-comunicare.png\" alt=\"strategie de comunicare\" class=\"wp-image-27531\" srcset=\"https:\/\/www.themarkers.ro\/wp-content\/uploads\/2025\/04\/strategie-de-comunicare.png 1024w, https:\/\/www.themarkers.ro\/wp-content\/uploads\/2025\/04\/strategie-de-comunicare-300x210.png 300w, https:\/\/www.themarkers.ro\/wp-content\/uploads\/2025\/04\/strategie-de-comunicare-768x538.png 768w, https:\/\/www.themarkers.ro\/wp-content\/uploads\/2025\/04\/strategie-de-comunicare-18x12.png 18w\" sizes=\"(max-width: 1024px) 100vw, 1024px\" \/><\/figure>\n\n\n\n<div style=\"height:22px\" aria-hidden=\"true\" class=\"wp-block-spacer\"><\/div>\n\n\n\n<p>\u0218tiu c\u0103 ai de spus multe \u0219i, dac\u0103 nu \u00ee\u021bi g\u0103se\u0219ti vocea, hai s\u0103 vorbim! <a href=\"https:\/\/www.themarkers.ro\/en\/contact\/\">Conteacteaz\u0103-ne!<\/a><\/p>\n\n\n\n<p><\/p>","protected":false},"excerpt":{"rendered":"<p>Direct, f\u0103r\u0103 ocoli\u0219uri: dac\u0103 \u00een 2025 brandul t\u0103u doar posteaz\u0103, dar nu spune nimic care s\u0103 conteze cu adev\u0103rat pentru oamenii c\u0103rora vrei s\u0103 le vinzi, e ca \u0219i cum ai vorbi cu pere\u021bii. Faci zgomot pentru nimic. Pe paginile social media mai pui c\u00e2te o poz\u0103 cu un produs, faci ceva eforturi, dar rezultatele [&hellip;]<\/p>\n","protected":false},"author":11,"featured_media":27528,"comment_status":"closed","ping_status":"closed","sticky":false,"template":"","format":"standard","meta":{"_acf_changed":false,"footnotes":""},"categories":[1],"tags":[],"class_list":["post-27523","post","type-post","status-publish","format-standard","has-post-thumbnail","hentry","category-uncategorized"],"acf":[],"yoast_head":"<!-- This site is optimized with the Yoast SEO plugin v27.3 - https:\/\/yoast.com\/product\/yoast-seo-wordpress\/ -->\n<title>Brandul t\u0103u chiar vorbe\u0219te cu publicul sau doar posteaz\u0103?<\/title>\n<meta name=\"description\" content=\"Cat de eficienta sunt strategiile tale de comunicare si branding? Afla ce spun specialistii \u2714\ufe0f in marketing digital chiar aici!\" \/>\n<meta name=\"robots\" content=\"index, follow, max-snippet:-1, max-image-preview:large, max-video-preview:-1\" \/>\n<link rel=\"canonical\" href=\"https:\/\/www.themarkers.ro\/en\/brandul-tau-chiar-vorbeste-cu-publicul-sau-doar-posteaza-5-semne-ca-e-timpul-sa-ti-regandesti-strategia-de-comunicare\/\" \/>\n<meta property=\"og:locale\" content=\"en_US\" \/>\n<meta property=\"og:type\" content=\"article\" \/>\n<meta property=\"og:title\" content=\"Brandul t\u0103u chiar vorbe\u0219te cu publicul sau doar posteaz\u0103?\" \/>\n<meta property=\"og:description\" content=\"Cat de eficienta sunt strategiile tale de comunicare si branding? Afla ce spun specialistii \u2714\ufe0f in marketing digital chiar aici!\" \/>\n<meta property=\"og:url\" content=\"https:\/\/www.themarkers.ro\/en\/brandul-tau-chiar-vorbeste-cu-publicul-sau-doar-posteaza-5-semne-ca-e-timpul-sa-ti-regandesti-strategia-de-comunicare\/\" \/>\n<meta property=\"og:site_name\" content=\"The Markers\" \/>\n<meta property=\"article:published_time\" content=\"2025-04-17T08:22:39+00:00\" \/>\n<meta property=\"article:modified_time\" content=\"2025-04-17T08:25:38+00:00\" \/>\n<meta property=\"og:image\" content=\"https:\/\/www.themarkers.ro\/wp-content\/uploads\/2025\/04\/branding.png\" \/>\n\t<meta property=\"og:image:width\" content=\"1024\" \/>\n\t<meta property=\"og:image:height\" content=\"717\" \/>\n\t<meta property=\"og:image:type\" content=\"image\/png\" \/>\n<meta name=\"author\" content=\"Claudia Caraba\" \/>\n<meta name=\"twitter:card\" content=\"summary_large_image\" \/>\n<meta name=\"twitter:label1\" content=\"Written by\" \/>\n\t<meta name=\"twitter:data1\" content=\"Claudia Caraba\" \/>\n\t<meta name=\"twitter:label2\" content=\"Est. reading time\" \/>\n\t<meta name=\"twitter:data2\" content=\"6 minutes\" \/>\n<script type=\"application\/ld+json\" class=\"yoast-schema-graph\">{\"@context\":\"https:\\\/\\\/schema.org\",\"@graph\":[{\"@type\":\"Article\",\"@id\":\"https:\\\/\\\/www.themarkers.ro\\\/brandul-tau-chiar-vorbeste-cu-publicul-sau-doar-posteaza-5-semne-ca-e-timpul-sa-ti-regandesti-strategia-de-comunicare\\\/#article\",\"isPartOf\":{\"@id\":\"https:\\\/\\\/www.themarkers.ro\\\/brandul-tau-chiar-vorbeste-cu-publicul-sau-doar-posteaza-5-semne-ca-e-timpul-sa-ti-regandesti-strategia-de-comunicare\\\/\"},\"author\":{\"name\":\"Claudia Caraba\",\"@id\":\"https:\\\/\\\/www.themarkers.ro\\\/#\\\/schema\\\/person\\\/960a2eb761d32f8fc98b7633201871cd\"},\"headline\":\"Brandul t\u0103u chiar vorbe\u0219te cu publicul sau doar posteaz\u0103? 5 semne c\u0103 e timpul s\u0103-\u021bi reg\u00e2nde\u0219ti strategia de comunicare\",\"datePublished\":\"2025-04-17T08:22:39+00:00\",\"dateModified\":\"2025-04-17T08:25:38+00:00\",\"mainEntityOfPage\":{\"@id\":\"https:\\\/\\\/www.themarkers.ro\\\/brandul-tau-chiar-vorbeste-cu-publicul-sau-doar-posteaza-5-semne-ca-e-timpul-sa-ti-regandesti-strategia-de-comunicare\\\/\"},\"wordCount\":1037,\"publisher\":{\"@id\":\"https:\\\/\\\/www.themarkers.ro\\\/#organization\"},\"image\":{\"@id\":\"https:\\\/\\\/www.themarkers.ro\\\/brandul-tau-chiar-vorbeste-cu-publicul-sau-doar-posteaza-5-semne-ca-e-timpul-sa-ti-regandesti-strategia-de-comunicare\\\/#primaryimage\"},\"thumbnailUrl\":\"https:\\\/\\\/www.themarkers.ro\\\/wp-content\\\/uploads\\\/2025\\\/04\\\/branding.png\",\"inLanguage\":\"en-US\"},{\"@type\":\"WebPage\",\"@id\":\"https:\\\/\\\/www.themarkers.ro\\\/brandul-tau-chiar-vorbeste-cu-publicul-sau-doar-posteaza-5-semne-ca-e-timpul-sa-ti-regandesti-strategia-de-comunicare\\\/\",\"url\":\"https:\\\/\\\/www.themarkers.ro\\\/brandul-tau-chiar-vorbeste-cu-publicul-sau-doar-posteaza-5-semne-ca-e-timpul-sa-ti-regandesti-strategia-de-comunicare\\\/\",\"name\":\"Brandul t\u0103u chiar vorbe\u0219te cu publicul sau doar posteaz\u0103?\",\"isPartOf\":{\"@id\":\"https:\\\/\\\/www.themarkers.ro\\\/#website\"},\"primaryImageOfPage\":{\"@id\":\"https:\\\/\\\/www.themarkers.ro\\\/brandul-tau-chiar-vorbeste-cu-publicul-sau-doar-posteaza-5-semne-ca-e-timpul-sa-ti-regandesti-strategia-de-comunicare\\\/#primaryimage\"},\"image\":{\"@id\":\"https:\\\/\\\/www.themarkers.ro\\\/brandul-tau-chiar-vorbeste-cu-publicul-sau-doar-posteaza-5-semne-ca-e-timpul-sa-ti-regandesti-strategia-de-comunicare\\\/#primaryimage\"},\"thumbnailUrl\":\"https:\\\/\\\/www.themarkers.ro\\\/wp-content\\\/uploads\\\/2025\\\/04\\\/branding.png\",\"datePublished\":\"2025-04-17T08:22:39+00:00\",\"dateModified\":\"2025-04-17T08:25:38+00:00\",\"description\":\"Cat de eficienta sunt strategiile tale de comunicare si branding? Afla ce spun specialistii \u2714\ufe0f in marketing digital chiar aici!\",\"breadcrumb\":{\"@id\":\"https:\\\/\\\/www.themarkers.ro\\\/brandul-tau-chiar-vorbeste-cu-publicul-sau-doar-posteaza-5-semne-ca-e-timpul-sa-ti-regandesti-strategia-de-comunicare\\\/#breadcrumb\"},\"inLanguage\":\"en-US\",\"potentialAction\":[{\"@type\":\"ReadAction\",\"target\":[\"https:\\\/\\\/www.themarkers.ro\\\/brandul-tau-chiar-vorbeste-cu-publicul-sau-doar-posteaza-5-semne-ca-e-timpul-sa-ti-regandesti-strategia-de-comunicare\\\/\"]}]},{\"@type\":\"ImageObject\",\"inLanguage\":\"en-US\",\"@id\":\"https:\\\/\\\/www.themarkers.ro\\\/brandul-tau-chiar-vorbeste-cu-publicul-sau-doar-posteaza-5-semne-ca-e-timpul-sa-ti-regandesti-strategia-de-comunicare\\\/#primaryimage\",\"url\":\"https:\\\/\\\/www.themarkers.ro\\\/wp-content\\\/uploads\\\/2025\\\/04\\\/branding.png\",\"contentUrl\":\"https:\\\/\\\/www.themarkers.ro\\\/wp-content\\\/uploads\\\/2025\\\/04\\\/branding.png\",\"width\":1024,\"height\":717,\"caption\":\"branding\"},{\"@type\":\"BreadcrumbList\",\"@id\":\"https:\\\/\\\/www.themarkers.ro\\\/brandul-tau-chiar-vorbeste-cu-publicul-sau-doar-posteaza-5-semne-ca-e-timpul-sa-ti-regandesti-strategia-de-comunicare\\\/#breadcrumb\",\"itemListElement\":[{\"@type\":\"ListItem\",\"position\":1,\"name\":\"\ud83d\ude80\",\"item\":\"https:\\\/\\\/www.themarkers.ro\\\/\"},{\"@type\":\"ListItem\",\"position\":2,\"name\":\"Brandul t\u0103u chiar vorbe\u0219te cu publicul sau doar posteaz\u0103? 5 semne c\u0103 e timpul s\u0103-\u021bi reg\u00e2nde\u0219ti strategia de comunicare\"}]},{\"@type\":\"WebSite\",\"@id\":\"https:\\\/\\\/www.themarkers.ro\\\/#website\",\"url\":\"https:\\\/\\\/www.themarkers.ro\\\/\",\"name\":\"The Markers\",\"description\":\"Agentie de marketing si publicitate online\",\"publisher\":{\"@id\":\"https:\\\/\\\/www.themarkers.ro\\\/#organization\"},\"potentialAction\":[{\"@type\":\"SearchAction\",\"target\":{\"@type\":\"EntryPoint\",\"urlTemplate\":\"https:\\\/\\\/www.themarkers.ro\\\/?s={search_term_string}\"},\"query-input\":{\"@type\":\"PropertyValueSpecification\",\"valueRequired\":true,\"valueName\":\"search_term_string\"}}],\"inLanguage\":\"en-US\"},{\"@type\":\"Organization\",\"@id\":\"https:\\\/\\\/www.themarkers.ro\\\/#organization\",\"name\":\"The Markers\",\"url\":\"https:\\\/\\\/www.themarkers.ro\\\/\",\"logo\":{\"@type\":\"ImageObject\",\"inLanguage\":\"en-US\",\"@id\":\"https:\\\/\\\/www.themarkers.ro\\\/#\\\/schema\\\/logo\\\/image\\\/\",\"url\":\"https:\\\/\\\/www.themarkers.ro\\\/wp-content\\\/uploads\\\/2021\\\/05\\\/Logo-TM.png\",\"contentUrl\":\"https:\\\/\\\/www.themarkers.ro\\\/wp-content\\\/uploads\\\/2021\\\/05\\\/Logo-TM.png\",\"width\":530,\"height\":556,\"caption\":\"The Markers\"},\"image\":{\"@id\":\"https:\\\/\\\/www.themarkers.ro\\\/#\\\/schema\\\/logo\\\/image\\\/\"}},{\"@type\":\"Person\",\"@id\":\"https:\\\/\\\/www.themarkers.ro\\\/#\\\/schema\\\/person\\\/960a2eb761d32f8fc98b7633201871cd\",\"name\":\"Claudia Caraba\",\"image\":{\"@type\":\"ImageObject\",\"inLanguage\":\"en-US\",\"@id\":\"https:\\\/\\\/secure.gravatar.com\\\/avatar\\\/9802229128de3e6ec110ce76484115ec5066b57697d68894c538868a49e863c7?s=96&d=mm&r=g\",\"url\":\"https:\\\/\\\/secure.gravatar.com\\\/avatar\\\/9802229128de3e6ec110ce76484115ec5066b57697d68894c538868a49e863c7?s=96&d=mm&r=g\",\"contentUrl\":\"https:\\\/\\\/secure.gravatar.com\\\/avatar\\\/9802229128de3e6ec110ce76484115ec5066b57697d68894c538868a49e863c7?s=96&d=mm&r=g\",\"caption\":\"Claudia Caraba\"},\"url\":\"https:\\\/\\\/www.themarkers.ro\\\/en\\\/author\\\/claudia-caraba\\\/\"}]}<\/script>\n<!-- \/ Yoast SEO plugin. -->","yoast_head_json":{"title":"Brandul t\u0103u chiar vorbe\u0219te cu publicul sau doar posteaz\u0103?","description":"Cat de eficienta sunt strategiile tale de comunicare si branding? Afla ce spun specialistii \u2714\ufe0f in marketing digital chiar aici!","robots":{"index":"index","follow":"follow","max-snippet":"max-snippet:-1","max-image-preview":"max-image-preview:large","max-video-preview":"max-video-preview:-1"},"canonical":"https:\/\/www.themarkers.ro\/en\/brandul-tau-chiar-vorbeste-cu-publicul-sau-doar-posteaza-5-semne-ca-e-timpul-sa-ti-regandesti-strategia-de-comunicare\/","og_locale":"en_US","og_type":"article","og_title":"Brandul t\u0103u chiar vorbe\u0219te cu publicul sau doar posteaz\u0103?","og_description":"Cat de eficienta sunt strategiile tale de comunicare si branding? Afla ce spun specialistii \u2714\ufe0f in marketing digital chiar aici!","og_url":"https:\/\/www.themarkers.ro\/en\/brandul-tau-chiar-vorbeste-cu-publicul-sau-doar-posteaza-5-semne-ca-e-timpul-sa-ti-regandesti-strategia-de-comunicare\/","og_site_name":"The Markers","article_published_time":"2025-04-17T08:22:39+00:00","article_modified_time":"2025-04-17T08:25:38+00:00","og_image":[{"width":1024,"height":717,"url":"https:\/\/www.themarkers.ro\/wp-content\/uploads\/2025\/04\/branding.png","type":"image\/png"}],"author":"Claudia Caraba","twitter_card":"summary_large_image","twitter_misc":{"Written by":"Claudia Caraba","Est. reading time":"6 minutes"},"schema":{"@context":"https:\/\/schema.org","@graph":[{"@type":"Article","@id":"https:\/\/www.themarkers.ro\/brandul-tau-chiar-vorbeste-cu-publicul-sau-doar-posteaza-5-semne-ca-e-timpul-sa-ti-regandesti-strategia-de-comunicare\/#article","isPartOf":{"@id":"https:\/\/www.themarkers.ro\/brandul-tau-chiar-vorbeste-cu-publicul-sau-doar-posteaza-5-semne-ca-e-timpul-sa-ti-regandesti-strategia-de-comunicare\/"},"author":{"name":"Claudia Caraba","@id":"https:\/\/www.themarkers.ro\/#\/schema\/person\/960a2eb761d32f8fc98b7633201871cd"},"headline":"Brandul t\u0103u chiar vorbe\u0219te cu publicul sau doar posteaz\u0103? 5 semne c\u0103 e timpul s\u0103-\u021bi reg\u00e2nde\u0219ti strategia de comunicare","datePublished":"2025-04-17T08:22:39+00:00","dateModified":"2025-04-17T08:25:38+00:00","mainEntityOfPage":{"@id":"https:\/\/www.themarkers.ro\/brandul-tau-chiar-vorbeste-cu-publicul-sau-doar-posteaza-5-semne-ca-e-timpul-sa-ti-regandesti-strategia-de-comunicare\/"},"wordCount":1037,"publisher":{"@id":"https:\/\/www.themarkers.ro\/#organization"},"image":{"@id":"https:\/\/www.themarkers.ro\/brandul-tau-chiar-vorbeste-cu-publicul-sau-doar-posteaza-5-semne-ca-e-timpul-sa-ti-regandesti-strategia-de-comunicare\/#primaryimage"},"thumbnailUrl":"https:\/\/www.themarkers.ro\/wp-content\/uploads\/2025\/04\/branding.png","inLanguage":"en-US"},{"@type":"WebPage","@id":"https:\/\/www.themarkers.ro\/brandul-tau-chiar-vorbeste-cu-publicul-sau-doar-posteaza-5-semne-ca-e-timpul-sa-ti-regandesti-strategia-de-comunicare\/","url":"https:\/\/www.themarkers.ro\/brandul-tau-chiar-vorbeste-cu-publicul-sau-doar-posteaza-5-semne-ca-e-timpul-sa-ti-regandesti-strategia-de-comunicare\/","name":"Brandul t\u0103u chiar vorbe\u0219te cu publicul sau doar posteaz\u0103?","isPartOf":{"@id":"https:\/\/www.themarkers.ro\/#website"},"primaryImageOfPage":{"@id":"https:\/\/www.themarkers.ro\/brandul-tau-chiar-vorbeste-cu-publicul-sau-doar-posteaza-5-semne-ca-e-timpul-sa-ti-regandesti-strategia-de-comunicare\/#primaryimage"},"image":{"@id":"https:\/\/www.themarkers.ro\/brandul-tau-chiar-vorbeste-cu-publicul-sau-doar-posteaza-5-semne-ca-e-timpul-sa-ti-regandesti-strategia-de-comunicare\/#primaryimage"},"thumbnailUrl":"https:\/\/www.themarkers.ro\/wp-content\/uploads\/2025\/04\/branding.png","datePublished":"2025-04-17T08:22:39+00:00","dateModified":"2025-04-17T08:25:38+00:00","description":"Cat de eficienta sunt strategiile tale de comunicare si branding? Afla ce spun specialistii \u2714\ufe0f in marketing digital chiar aici!","breadcrumb":{"@id":"https:\/\/www.themarkers.ro\/brandul-tau-chiar-vorbeste-cu-publicul-sau-doar-posteaza-5-semne-ca-e-timpul-sa-ti-regandesti-strategia-de-comunicare\/#breadcrumb"},"inLanguage":"en-US","potentialAction":[{"@type":"ReadAction","target":["https:\/\/www.themarkers.ro\/brandul-tau-chiar-vorbeste-cu-publicul-sau-doar-posteaza-5-semne-ca-e-timpul-sa-ti-regandesti-strategia-de-comunicare\/"]}]},{"@type":"ImageObject","inLanguage":"en-US","@id":"https:\/\/www.themarkers.ro\/brandul-tau-chiar-vorbeste-cu-publicul-sau-doar-posteaza-5-semne-ca-e-timpul-sa-ti-regandesti-strategia-de-comunicare\/#primaryimage","url":"https:\/\/www.themarkers.ro\/wp-content\/uploads\/2025\/04\/branding.png","contentUrl":"https:\/\/www.themarkers.ro\/wp-content\/uploads\/2025\/04\/branding.png","width":1024,"height":717,"caption":"branding"},{"@type":"BreadcrumbList","@id":"https:\/\/www.themarkers.ro\/brandul-tau-chiar-vorbeste-cu-publicul-sau-doar-posteaza-5-semne-ca-e-timpul-sa-ti-regandesti-strategia-de-comunicare\/#breadcrumb","itemListElement":[{"@type":"ListItem","position":1,"name":"\ud83d\ude80","item":"https:\/\/www.themarkers.ro\/"},{"@type":"ListItem","position":2,"name":"Brandul t\u0103u chiar vorbe\u0219te cu publicul sau doar posteaz\u0103? 5 semne c\u0103 e timpul s\u0103-\u021bi reg\u00e2nde\u0219ti strategia de comunicare"}]},{"@type":"WebSite","@id":"https:\/\/www.themarkers.ro\/#website","url":"https:\/\/www.themarkers.ro\/","name":"The Markers","description":"Agentie de marketing si publicitate online","publisher":{"@id":"https:\/\/www.themarkers.ro\/#organization"},"potentialAction":[{"@type":"SearchAction","target":{"@type":"EntryPoint","urlTemplate":"https:\/\/www.themarkers.ro\/?s={search_term_string}"},"query-input":{"@type":"PropertyValueSpecification","valueRequired":true,"valueName":"search_term_string"}}],"inLanguage":"en-US"},{"@type":"Organization","@id":"https:\/\/www.themarkers.ro\/#organization","name":"The Markers","url":"https:\/\/www.themarkers.ro\/","logo":{"@type":"ImageObject","inLanguage":"en-US","@id":"https:\/\/www.themarkers.ro\/#\/schema\/logo\/image\/","url":"https:\/\/www.themarkers.ro\/wp-content\/uploads\/2021\/05\/Logo-TM.png","contentUrl":"https:\/\/www.themarkers.ro\/wp-content\/uploads\/2021\/05\/Logo-TM.png","width":530,"height":556,"caption":"The Markers"},"image":{"@id":"https:\/\/www.themarkers.ro\/#\/schema\/logo\/image\/"}},{"@type":"Person","@id":"https:\/\/www.themarkers.ro\/#\/schema\/person\/960a2eb761d32f8fc98b7633201871cd","name":"Claudia Caraba","image":{"@type":"ImageObject","inLanguage":"en-US","@id":"https:\/\/secure.gravatar.com\/avatar\/9802229128de3e6ec110ce76484115ec5066b57697d68894c538868a49e863c7?s=96&d=mm&r=g","url":"https:\/\/secure.gravatar.com\/avatar\/9802229128de3e6ec110ce76484115ec5066b57697d68894c538868a49e863c7?s=96&d=mm&r=g","contentUrl":"https:\/\/secure.gravatar.com\/avatar\/9802229128de3e6ec110ce76484115ec5066b57697d68894c538868a49e863c7?s=96&d=mm&r=g","caption":"Claudia Caraba"},"url":"https:\/\/www.themarkers.ro\/en\/author\/claudia-caraba\/"}]}},"_links":{"self":[{"href":"https:\/\/www.themarkers.ro\/en\/wp-json\/wp\/v2\/posts\/27523","targetHints":{"allow":["GET"]}}],"collection":[{"href":"https:\/\/www.themarkers.ro\/en\/wp-json\/wp\/v2\/posts"}],"about":[{"href":"https:\/\/www.themarkers.ro\/en\/wp-json\/wp\/v2\/types\/post"}],"author":[{"embeddable":true,"href":"https:\/\/www.themarkers.ro\/en\/wp-json\/wp\/v2\/users\/11"}],"replies":[{"embeddable":true,"href":"https:\/\/www.themarkers.ro\/en\/wp-json\/wp\/v2\/comments?post=27523"}],"version-history":[{"count":2,"href":"https:\/\/www.themarkers.ro\/en\/wp-json\/wp\/v2\/posts\/27523\/revisions"}],"predecessor-version":[{"id":27534,"href":"https:\/\/www.themarkers.ro\/en\/wp-json\/wp\/v2\/posts\/27523\/revisions\/27534"}],"wp:featuredmedia":[{"embeddable":true,"href":"https:\/\/www.themarkers.ro\/en\/wp-json\/wp\/v2\/media\/27528"}],"wp:attachment":[{"href":"https:\/\/www.themarkers.ro\/en\/wp-json\/wp\/v2\/media?parent=27523"}],"wp:term":[{"taxonomy":"category","embeddable":true,"href":"https:\/\/www.themarkers.ro\/en\/wp-json\/wp\/v2\/categories?post=27523"},{"taxonomy":"post_tag","embeddable":true,"href":"https:\/\/www.themarkers.ro\/en\/wp-json\/wp\/v2\/tags?post=27523"}],"curies":[{"name":"wp","href":"https:\/\/api.w.org\/{rel}","templated":true}]}}